{"id":2142,"date":"2024-12-17T13:00:00","date_gmt":"2024-12-17T13:00:00","guid":{"rendered":"https:\/\/being-initiative.org\/?post_type=news_item&#038;p=2142"},"modified":"2025-03-04T22:25:06","modified_gmt":"2025-03-04T22:25:06","slug":"recapping-2024-with-being","status":"publish","type":"news_item","link":"https:\/\/being-initiative.org\/fr\/news\/recapping-2024-with-being\/","title":{"rendered":"Recapping 2024 with Being"},"content":{"rendered":"<div class=\"wp-block-image\">\n<figure class=\"aligncenter size-large\"><img loading=\"lazy\" decoding=\"async\" width=\"1024\" height=\"307\" src=\"https:\/\/being-initiative.org\/wp-content\/uploads\/2024\/12\/Blue-Gradient-Header-Banner-1024x307.png\" alt=\"\" class=\"wp-image-2172\" srcset=\"https:\/\/being-initiative.org\/wp-content\/uploads\/2024\/12\/Blue-Gradient-Header-Banner-1024x307.png 1024w, https:\/\/being-initiative.org\/wp-content\/uploads\/2024\/12\/Blue-Gradient-Header-Banner-500x150.png 500w, https:\/\/being-initiative.org\/wp-content\/uploads\/2024\/12\/Blue-Gradient-Header-Banner-768x230.png 768w, https:\/\/being-initiative.org\/wp-content\/uploads\/2024\/12\/Blue-Gradient-Header-Banner-1536x461.png 1536w, https:\/\/being-initiative.org\/wp-content\/uploads\/2024\/12\/Blue-Gradient-Header-Banner-2048x614.png 2048w, https:\/\/being-initiative.org\/wp-content\/uploads\/2024\/12\/Blue-Gradient-Header-Banner-18x5.png 18w\" sizes=\"auto, (max-width: 1024px) 100vw, 1024px\" \/><\/figure>\n<\/div>\n\n\n<div style=\"height:18px\" aria-hidden=\"true\" class=\"wp-block-spacer\"><\/div>\n\n\n\n<p>As we step into 2025, we reflect on the highlights of 2024, revisiting impactful milestones and meaningful moments. We extend our sincere thanks to our dedicated partners, advisors, and team for their ongoing support and collaboration. Looking ahead, we are excited to continue working together towards a world where young people feel well and thrive.\u00a0<\/p>\n\n\n\n<p><strong>See our key moments from 2024 below<\/strong>!<\/p>\n\n\n\n<h2 class=\"wp-block-heading\" id=\"h-february-2024\"><mark style=\"background-color:rgba(0, 0, 0, 0)\" class=\"has-inline-color has-theme-secondary-color\">February 2024<\/mark><\/h2>\n\n\n<div id=\"ql-call-to-action-block_af4ba9c5e91e53937f006571627e3d20\" class=\"acf-block ql-call-to-action image-cover\"><div class=\"column column-text bg-white\" style=\"flex-basis:70%\"><div class=\"column-text-wrap\">\n\n<h2 class=\"wp-block-heading\" id=\"h-making-mental-health-friendly-cities-for-young-people\">Making Mental Health Friendly Cities for Young People<\/h2>\n\n\n\n<p>In February 2024, <strong>Nicole Bardikoff<\/strong>, Associate Director of Global Mental Health at <a href=\"https:\/\/www.grandchallenges.ca\/fr-ca\/\" target=\"_blank\" rel=\"noreferrer noopener\">Grands D\u00e9fis Canada<\/a>, co-authored a <a href=\"https:\/\/www.nature.com\/\" target=\"_blank\" rel=\"noreferrer noopener\">Nature <\/a>analysis titled &#8220;<em><a href=\"https:\/\/www.nature.com\/articles\/s41586-023-07005-4\" target=\"_blank\" rel=\"noreferrer noopener\">Making Cities Mental Health Friendly for Adolescents and Young Adults<\/a><\/em>&#8221; that explored how urban environments shape youth mental health. While cities offer access to health, education, and economic opportunities, they can also negatively impact mental wellbeing.<\/p>\n\n\n\n<p>The study engaged a global group of researchers, practitioners, advocates, and young people to identify key characteristics of mental health-friendly cities. Priorities included fostering life skills, creating safe public spaces, centering youth voices in urban design, and addressing social determinants like inequality and job insecurity.<\/p>\n\n\n<div id=\"ql-button-block_09e22fbf56a816aefcd96111059db3ef\" class=\"acf-block ql-button button-left\"><a class=\"ql-button-link\" href=\"https:\/\/www.nature.com\/articles\/s41586-023-07005-4\" target=\"_blank\">Read the analysis!<\/a><\/div>\n<\/div><\/div><div class=\"column column-image\" style=\"flex-basis:30%\"><img loading=\"lazy\" decoding=\"async\" width=\"900\" height=\"580\" src=\"https:\/\/being-initiative.org\/wp-content\/uploads\/2024\/12\/iStock-1346991033-1-900x580.jpg\" class=\"attachment-genesis-singular-images size-genesis-singular-images\" alt=\"\" srcset=\"https:\/\/being-initiative.org\/wp-content\/uploads\/2024\/12\/iStock-1346991033-1-900x580.jpg 900w, https:\/\/being-initiative.org\/wp-content\/uploads\/2024\/12\/iStock-1346991033-1-18x12.jpg 18w\" sizes=\"auto, (max-width: 900px) 100vw, 900px\" \/><\/div><\/div>\n\n\n<div style=\"height:27px\" aria-hidden=\"true\" class=\"wp-block-spacer\"><\/div>\n\n\n<div id=\"ql-call-to-action-block_7000c2b1fef6bd73032e947c28bae3a9\" class=\"acf-block ql-call-to-action column-reverse image-cover\"><div class=\"column column-text bg-white\" style=\"flex-basis:70%\"><div class=\"column-text-wrap\">\n\n<h2 class=\"wp-block-heading\" id=\"h-sfa-foundation-launched-call-for-proposals-for-youth-mental-health-longitudinal-research\">SFA Foundation Launched Call for Proposals for Youth Mental Health Longitudinal Research<\/h2>\n\n\n\n<p>En partenariat avec la <a href=\"https:\/\/scienceforafrica.foundation\/\">Science for Africa <\/a><a href=\"https:\/\/scienceforafrica.foundation\/\" target=\"_blank\" rel=\"noreferrer noopener\">Foundation<\/a> (SFA Foundation), Being invests in <a href=\"https:\/\/being-initiative.org\/fr\/longitudinal-research\/\">des \u00e9tudes longitudinales<\/a> to explore the long-term effects of emerging stressors on young people\u2019s mental health. In February 2024, the SFA Foundation launched a call for proposals to support researchers in 12 countries\u2014Colombia, Ecuador, Egypt, Ghana, India, Indonesia, Morocco, Pakistan, Romania, Senegal, Sierra Leone, Tanzania, and Vietnam.<\/p>\n\n\n\n<p>This research aims to address critical knowledge gaps by examining how stressors such as poverty, stigma, and climate change affect youth mental health over time. Insights from this work will inform evidence-based policies and strategies to better support young people worldwide.<\/p>\n\n\n<div id=\"ql-button-block_9ca86f4ff75b088e207936d0cf0dfeb1\" class=\"acf-block ql-button button-left\"><a class=\"ql-button-link\" href=\"https:\/\/being-initiative.org\/fr\/longitudinal-research\/\" target=\"_blank\">Learn more!<\/a><\/div>\n<\/div><\/div><div class=\"column column-image\" style=\"flex-basis:30%\"><img loading=\"lazy\" decoding=\"async\" width=\"900\" height=\"580\" src=\"https:\/\/being-initiative.org\/wp-content\/uploads\/2024\/12\/iStock-1175284545-900x580.jpg\" class=\"attachment-genesis-singular-images size-genesis-singular-images\" alt=\"\" \/><\/div><\/div>\n\n\n<div style=\"height:24px\" aria-hidden=\"true\" class=\"wp-block-spacer\"><\/div>\n\n\n\n<h2 class=\"wp-block-heading\" id=\"h-april-2024\"><mark style=\"background-color:rgba(0, 0, 0, 0)\" class=\"has-inline-color has-theme-secondary-color\">April 2024<\/mark><\/h2>\n\n\n<div id=\"ql-call-to-action-block_6eb1ddc0b4631417d82a02a7d2df67f9\" class=\"acf-block ql-call-to-action image-contain\"><div class=\"column column-text bg-white\" style=\"flex-basis:70%\"><div class=\"column-text-wrap\">\n\n<h2 class=\"wp-block-heading\" id=\"h-mapping-youth-mental-health-landscapes\">Mapping Youth Mental Health Landscapes<\/h2>\n\n\n\n<p>In April 2024, the Being Initiative published a Public Good Report, <a href=\"https:\/\/being-initiative.org\/wp-content\/uploads\/2024\/04\/Mapping-Youth-Mental-Health-Landscapes_April-18-2024.pdf\" target=\"_blank\" rel=\"noreferrer noopener\"><em>Cartographie de la sant\u00e9 mentale des jeunes:  Observations de la situation dans 13 pays (en anglais seulement)<\/em><\/a>, based on a year-long landscape analysis on the drivers of youth mental health across 12 countries: <strong>Colombie, \u00c9quateur, Ghana, Inde, Indon\u00e9sie, Maroc, Pakistan, Roumanie, S\u00e9n\u00e9gal, Sierra Leone, Tanzanie et Vietnam<\/strong>.&nbsp;<\/p>\n\n\n\n<p>Local organizations in each priority country led <a href=\"https:\/\/being-initiative.org\/fr\/country-consultations\/\" target=\"_blank\" rel=\"noreferrer noopener\">consultations<\/a> with over 3,000 stakeholders \u2013 nearly 40% of whom were youth and included government officials, health professionals, researchers, academics, representatives of non-governmental organizations, and individuals with lived experience \u2013 this research uncovered crucial insights into the key drivers of youth mental health in each country.&nbsp;<\/p>\n\n\n<div id=\"ql-button-block_b9c111a889956f20bb17152a4517bcb3\" class=\"acf-block ql-button button-left\"><a class=\"ql-button-link\" href=\"https:\/\/being-initiative.org\/wp-content\/uploads\/2024\/04\/Mapping-Youth-Mental-Health-Landscapes_April-18-2024.pdf\" target=\"_blank\">T\u00e9l\u00e9chargez le rapport! (en anglais seulement)<\/a><\/div>\n<\/div><\/div><div class=\"column column-image\" style=\"flex-basis:30%\"><img loading=\"lazy\" decoding=\"async\" width=\"4830\" height=\"6250\" src=\"https:\/\/being-initiative.org\/wp-content\/uploads\/2024\/04\/Being-Report-Cover-5.png\" class=\"attachment-full size-full\" alt=\"\" srcset=\"https:\/\/being-initiative.org\/wp-content\/uploads\/2024\/04\/Being-Report-Cover-5.png 4830w, https:\/\/being-initiative.org\/wp-content\/uploads\/2024\/04\/Being-Report-Cover-5-386x500.png 386w, https:\/\/being-initiative.org\/wp-content\/uploads\/2024\/04\/Being-Report-Cover-5-791x1024.png 791w, https:\/\/being-initiative.org\/wp-content\/uploads\/2024\/04\/Being-Report-Cover-5-768x994.png 768w, https:\/\/being-initiative.org\/wp-content\/uploads\/2024\/04\/Being-Report-Cover-5-1187x1536.png 1187w, https:\/\/being-initiative.org\/wp-content\/uploads\/2024\/04\/Being-Report-Cover-5-1583x2048.png 1583w, https:\/\/being-initiative.org\/wp-content\/uploads\/2024\/04\/Being-Report-Cover-5-9x12.png 9w\" sizes=\"auto, (max-width: 4830px) 100vw, 4830px\" \/><\/div><\/div>\n\n\n<div style=\"height:20px\" aria-hidden=\"true\" class=\"wp-block-spacer\"><\/div>\n\n\n<div id=\"ql-call-to-action-block_e04350fbe60567f0d1290bcedc9f9c30\" class=\"acf-block ql-call-to-action column-reverse image-cover\"><div class=\"column column-text bg-white\" style=\"flex-basis:70%\"><div class=\"column-text-wrap\">\n\n<h2 class=\"wp-block-heading\" id=\"h-being-s-first-request-for-proposal\"><strong>Being&#8217;s First Request for Proposal <\/strong><\/h2>\n\n\n\n<p>On April 8, 2024, Being successfully launched its first <a href=\"https:\/\/being-initiative.org\/fr\/funding-opportunities\/request-for-proposals-funding-bold-ideas-for-youth-mental-health-in-12-countries\/\" target=\"_blank\" rel=\"noreferrer noopener\">request for proposals<\/a>, inviting youth-led and innovative projects to address the country-specific challenges identified in the <a href=\"https:\/\/being-initiative.org\/wp-content\/uploads\/2024\/04\/Mapping-Youth-Mental-Health-Landscapes_April-18-2024.pdf\" target=\"_blank\" rel=\"noreferrer noopener\">landscape analysis<\/a>.&nbsp;<\/p>\n\n\n\n<p>Through<strong> D\u00e9monstration de principe<\/strong>, <strong>du D\u00e9ploiement \u00e0 l\u2019\u00e9chelle<\/strong>, et <strong>des catalyseurs d\u2019\u00e9cosyst\u00e8me<\/strong> <strong>grants<\/strong>, Being aims to test solutions that address the drivers of youth mental health and cultivate an ecosystem where youth mental health initiatives \u2013 and, ultimately, young people \u2013 can thrive. &nbsp;<\/p>\n\n\n\n<p>This coordinated approach positions Being, its partners, and the youth innovators leading the way as catalysts for sustainable and impactful change in the global mental health landscape.&nbsp;<\/p>\n\n<\/div><\/div><div class=\"column column-image\" style=\"flex-basis:30%\"><img loading=\"lazy\" decoding=\"async\" width=\"900\" height=\"580\" src=\"https:\/\/being-initiative.org\/wp-content\/uploads\/2024\/04\/iStock-1384618442-1-900x580.jpg\" class=\"attachment-genesis-singular-images size-genesis-singular-images\" alt=\"\" srcset=\"https:\/\/being-initiative.org\/wp-content\/uploads\/2024\/04\/iStock-1384618442-1-900x580.jpg 900w, https:\/\/being-initiative.org\/wp-content\/uploads\/2024\/04\/iStock-1384618442-1-18x12.jpg 18w\" sizes=\"auto, (max-width: 900px) 100vw, 900px\" \/><\/div><\/div>\n\n\n<div style=\"height:13px\" aria-hidden=\"true\" class=\"wp-block-spacer\"><\/div>\n\n\n<div id=\"ql-call-to-action-block_7969ab98566783fcb4b157124de832a2\" class=\"acf-block ql-call-to-action image-cover\"><div class=\"column column-text bg-white\" style=\"flex-basis:70%\"><div class=\"column-text-wrap\">\n\n<h2 class=\"wp-block-heading\" id=\"h-the-lancet-webinar-on-implementation-research\"><strong>The Lancet Webinar on Implementation Research<\/strong>\u00a0<\/h2>\n\n\n\n<p>On Monday, April 15, 2024, we teamed up with \u202f<a href=\"https:\/\/www.thelancet.com\/journals\/lanpsy\/home\" target=\"_blank\" rel=\"noreferrer noopener\">The Lancet \u202fPsychiatry<\/a>,\u202f<a href=\"https:\/\/unitedgmh.org\/\" target=\"_blank\" rel=\"noreferrer noopener\">United for Global Mental Health<\/a> and the\u202f<a href=\"https:\/\/gmhan.org\/\" target=\"_blank\" rel=\"noreferrer noopener\">Global<\/a><a href=\"https:\/\/www.linkedin.com\/company\/global-mental-health-action-network\/\" target=\"_blank\" rel=\"noreferrer noopener\"> Mental Health Action Network<\/a> for a dynamic webinar on mental health Implementation Research. Being&#8217;s\u202f<a href=\"https:\/\/being-initiative.org\/fr\/advisory-groups\/\" target=\"_blank\" rel=\"noreferrer noopener\">Youth Advisor<\/a>, <strong>Jihad Bnimoussa<\/strong>, moderated the session as we heard from speakers from <a href=\"http:\/\/unicef.org\/\" target=\"_blank\" rel=\"noreferrer noopener\">l'UNICEF<\/a>, <a href=\"https:\/\/www.linkedin.com\/company\/columbia-university\/\" target=\"_blank\" rel=\"noreferrer noopener\">Columbia\u202f<\/a><a href=\"https:\/\/www.columbia.edu\/\" target=\"_blank\" rel=\"noreferrer noopener\">University<\/a>, as they shared their insights from <a href=\"https:\/\/www.thelancet.com\/commissions\/implementation-mental-health\" target=\"_blank\" rel=\"noreferrer noopener\">The Lancet Psychiatry Commission on Implementation Research<\/a>, published in March, 2024.&nbsp;<\/p>\n\n\n\n<p><strong>Sahil Chopra<\/strong>, Portfolio Manager at\u202f <a href=\"https:\/\/www.grandchallenges.ca\/fr-ca\/\" target=\"_blank\" rel=\"noreferrer noopener\">Grands D\u00e9fis Canada<\/a>, also joined them to represent the\u202fBeing Initiative\u202fand share exclusive insights into Being&#8217;s landscape analysis and <a href=\"https:\/\/being-initiative.org\/wp-content\/uploads\/2024\/04\/Mapping-Youth-Mental-Health-Landscapes_April-18-2024.pdf\" target=\"_blank\" rel=\"noreferrer noopener\">public good report<\/a>.&nbsp;<\/p>\n\n\n\n<p><strong>Regardez l'enregistrement ci-dessous ! (en anglais seulement)\u00a0<\/strong><\/p>\n\n\n\n<div style=\"height:8px\" aria-hidden=\"true\" class=\"wp-block-spacer\"><\/div>\n\n\n\n<iframe loading=\"lazy\" width=\"560\" height=\"315\" \n    src=\"https:\/\/www.youtube.com\/embed\/MGSOUcrlaB8\" \n    title=\"YouTube video player\" \n    frameborder=\"0\" \n    allow=\"accelerometer; autoplay; clipboard-write; encrypted-media; gyroscope; picture-in-picture\" \n    allowfullscreen>\n<\/iframe>\n\n\n<\/div><\/div><div class=\"column column-image\" style=\"flex-basis:30%\"><img loading=\"lazy\" decoding=\"async\" width=\"900\" height=\"580\" src=\"https:\/\/being-initiative.org\/wp-content\/uploads\/2024\/12\/iStock-1300014142-1-900x580.jpg\" class=\"attachment-genesis-singular-images size-genesis-singular-images\" alt=\"\" srcset=\"https:\/\/being-initiative.org\/wp-content\/uploads\/2024\/12\/iStock-1300014142-1-900x580.jpg 900w, https:\/\/being-initiative.org\/wp-content\/uploads\/2024\/12\/iStock-1300014142-1-18x12.jpg 18w\" sizes=\"auto, (max-width: 900px) 100vw, 900px\" \/><\/div><\/div>\n\n\n<div style=\"height:21px\" aria-hidden=\"true\" class=\"wp-block-spacer\"><\/div>\n\n\n\n<h2 class=\"wp-block-heading\" id=\"h-may-2024\"><mark style=\"background-color:rgba(0, 0, 0, 0)\" class=\"has-inline-color has-theme-secondary-color\">May 2024<\/mark><\/h2>\n\n\n<div id=\"ql-call-to-action-block_ccc47732e3ea448a76365c1f8df5a03d\" class=\"acf-block ql-call-to-action column-reverse image-cover\"><div class=\"column column-text bg-white\" style=\"flex-basis:70%\"><div class=\"column-text-wrap\">\n\n<h2 class=\"wp-block-heading\" id=\"h-bold-ideas-for-brighter-futures\"><strong>Bold Ideas for Brighter Futures<\/strong><\/h2>\n\n\n\n<p>Being and its partners from <a href=\"https:\/\/www.grandchallenges.ca\/fr-ca\/\" target=\"_blank\" rel=\"noreferrer noopener\">Grands D\u00e9fis Canada<\/a>, <a href=\"https:\/\/www.fondationbotnar.org\/\" target=\"_blank\" rel=\"noreferrer noopener\">Fondation Botnar<\/a>, <a href=\"https:\/\/unitedgmh.org\/\" target=\"_blank\" rel=\"noreferrer noopener\">United for Global Mental Health<\/a>, and landscape analysis partners from the <a href=\"https:\/\/gihd.stmu.edu.pk\/\" target=\"_blank\" rel=\"noreferrer noopener\">Global Institute of Human Development-Shifa Tameer-e-Millat University<\/a>, <a href=\"https:\/\/ugm.ac.id\/\" target=\"_blank\" rel=\"noreferrer noopener\">Universit\u00e9 Gadjah Mada<\/a>, and the <a href=\"https:\/\/mentalhealth.mohp.gov.eg\/mental\/web\/en\/about-us\" target=\"_blank\" rel=\"noreferrer noopener\">General Secretariat of Mental Health and Addiction Treatment<\/a>, presented a symposium titled &#8220;<em>Advancing Global Understanding of Young People&#8217;s Mental Health and Wellbeing: Insights from the &#8216;Being&#8217; Initiative in Pakistan, Egypt, Indonesia, and Vietnam<\/em>&#8221; at the <a href=\"https:\/\/brighterfutures2024.ki.se\/\" target=\"_blank\" rel=\"noreferrer noopener\">Bold Ideas for Brighter Futures Conference<\/a>, hosted by\u202f<a href=\"https:\/\/www.unicef.org\/\" target=\"_blank\" rel=\"noreferrer noopener\">l'UNICEF<\/a> and the\u202f<a href=\"https:\/\/ki.se\/en\" target=\"_blank\" rel=\"noreferrer noopener\">Karolinska Institutet<\/a>,\u202fwhich took place in Stockholm, Sweden from May 15-16, 2024. <\/p>\n\n\n\n<p>Being\u2019s session explored findings from a landscape analysis. It reinforced the need for global collaborative, informed, and youth-centred approaches to address mental health challenges. &nbsp;<\/p>\n\n\n\n<p>Youth Advisor <strong>Puspita Alwi<\/strong> also attended the event to represent her organization, <a href=\"https:\/\/sehatjiwa.id\/\" target=\"_blank\" rel=\"noreferrer noopener\">Sehat Jiwa<\/a>. &nbsp;<\/p>\n\n\n<div id=\"ql-button-block_2a46277ff530e70a6527876adcbe76cb\" class=\"acf-block ql-button button-left\"><a class=\"ql-button-link\" href=\"https:\/\/being-initiative.org\/fr\/news\/5-key-insights-from-the-unicef-karolinska-institutet-bold-ideas-for-brighter-futures-conference\/\" target=\"_blank\">Read Puspita&#8217;s full takeaways!\u00a0<\/a><\/div>\n<\/div><\/div><div class=\"column column-image\" style=\"flex-basis:30%\"><img loading=\"lazy\" decoding=\"async\" width=\"900\" height=\"580\" src=\"https:\/\/being-initiative.org\/wp-content\/uploads\/2024\/06\/IMG_968838-900x580.jpg\" class=\"attachment-genesis-singular-images size-genesis-singular-images\" alt=\"\" \/><\/div><\/div>\n\n\n<div style=\"height:23px\" aria-hidden=\"true\" class=\"wp-block-spacer\"><\/div>\n\n\n<div id=\"ql-call-to-action-block_4da6c49e267e6afd8450f2c372966c6e\" class=\"acf-block ql-call-to-action image-cover\"><div class=\"column column-text bg-white\" style=\"flex-basis:70%\"><div class=\"column-text-wrap\">\n\n<h2 class=\"wp-block-heading\" id=\"h-collaboration-at-the-77th-world-health-assembly\"><strong>Collaboration at the 77th World Health Assembly<\/strong><\/h2>\n\n\n\n<p>On May 31 to June 1, 2024, Being and its partners\u2014<a href=\"https:\/\/www.grandchallenges.ca\/fr-ca\/\" target=\"_blank\" rel=\"noreferrer noopener\">Grands D\u00e9fis Canada<\/a> (Being\u2019s host organization), <a href=\"https:\/\/www.fondationbotnar.org\/%22%20\/t%20%22_blank\">Fondation Botnar<\/a>, <a href=\"https:\/\/unitedgmh.org\/\">United for Global Mental Health<\/a>, <a href=\"https:\/\/scienceforafrica.foundation\/\">Science for Africa Foundation<\/a>, <a href=\"https:\/\/www.international.gc.ca\/global-affairs-affaires-mondiales\/home-accueil.aspx?lang=fra\">Affaires Mondiales Canada<\/a>, et <a href=\"https:\/\/www.orygen.org.au\/\">Orygen<\/a>\u2014gathered on the sidelines of the 77th <a href=\"https:\/\/www.who.int\/about\/governance\/world-health-assembly\/seventy-seventh\">World Health Assembly<\/a> to celebrate progress and strengthen collaboration.<\/p>\n\n\n\n<p>&nbsp;The discussion focused on shaping priorities for Phase 2 of Being\u2019s work, advancing measurement approaches for ecosystem impact, and refining strategies for fundraising and partnerships.<\/p>\n\n<\/div><\/div><div class=\"column column-image\" style=\"flex-basis:30%\"><img loading=\"lazy\" decoding=\"async\" width=\"900\" height=\"580\" src=\"https:\/\/being-initiative.org\/wp-content\/uploads\/2024\/12\/20240531_140621-900x580.jpg\" class=\"attachment-genesis-singular-images size-genesis-singular-images\" alt=\"\" \/><\/div><\/div>\n\n\n<div style=\"height:0px\" aria-hidden=\"true\" class=\"wp-block-spacer\"><\/div>\n\n\n\n<h2 class=\"wp-block-heading\" id=\"h-june-2024\"><mark style=\"background-color:rgba(0, 0, 0, 0)\" class=\"has-inline-color has-theme-secondary-color\">June 2024<\/mark><\/h2>\n\n\n<div id=\"ql-call-to-action-block_0ffc6574461ac7b4a4d95fdf196bc06d\" class=\"acf-block ql-call-to-action column-reverse image-cover\"><div class=\"column column-text bg-white\" style=\"flex-basis:70%\"><div class=\"column-text-wrap\">\n\n<h2 class=\"wp-block-heading\" id=\"h-world-environment-day-2024-a-call-to-action\">World Environment Day 2024: A Call to Action<\/h2>\n\n\n\n<iframe loading=\"lazy\" width=\"560\" height=\"315\" \n    src=\"https:\/\/www.youtube.com\/embed\/ThcSjMiBflU\" \n    title=\"YouTube video player\" \n    frameborder=\"0\" \n    allow=\"accelerometer; autoplay; clipboard-write; encrypted-media; gyroscope; picture-in-picture\" \n    allowfullscreen>\n<\/iframe>\n\n\n\n\n<div style=\"height:17px\" aria-hidden=\"true\" class=\"wp-block-spacer\"><\/div>\n\n\n\n<p>&#8220;Climate change is very evident as a present scenario, not just in the future. People are really experiencing it not just in their minds but also their bodies. So when we&#8217;re talking solutions, it&#8217;s really important to center youth within that because we understand what&#8217;s happening, and we are making decisions for the next 10, 20, 30 years.&#8221; \u2014 <strong>Muskan Lamba, Being Youth Advisor.<\/strong><\/p>\n\n\n\n<p>On June 5, 2024 for <a href=\"https:\/\/www.worldenvironmentday.global\/\">World Environment Day<\/a>, we featured the inspiring words of Being Youth advisor <strong>Muskan Lamba<\/strong> as she highlights the powerful link between mental health and climate change and the importance of centring young people in discussions and solutions related to these challenges.<\/p>\n\n<\/div><\/div><div class=\"column column-image\" style=\"flex-basis:30%\"><img loading=\"lazy\" decoding=\"async\" width=\"900\" height=\"580\" src=\"https:\/\/being-initiative.org\/wp-content\/uploads\/2024\/12\/iStock-1280157339-900x580.jpg\" class=\"attachment-genesis-singular-images size-genesis-singular-images\" alt=\"\" \/><\/div><\/div>\n\n\n<div style=\"height:18px\" aria-hidden=\"true\" class=\"wp-block-spacer\"><\/div>\n\n\n<div id=\"ql-call-to-action-block_85d1fe042cb5d30488a9ca07518cde1e\" class=\"acf-block ql-call-to-action image-cover\"><div class=\"column column-text bg-white\" style=\"flex-basis:70%\"><div class=\"column-text-wrap\">\n\n<h2 class=\"wp-block-heading\" id=\"h-elevate-children-funders-group-s-2024-annual-general-meeting\"><strong>Elevate Children Funders Group&#8217;s 2024 Annual General Meeting<\/strong><\/h2>\n\n\n\n<p>La <a href=\"https:\/\/elevatechildren.org\/agm\" target=\"_blank\" rel=\"noreferrer noopener\">Elevate Children Funders and Global Early Childhood Funders Annual Meeting<\/a>, held from June 4\u20136, 2024, in Nairobi, Kenya, emphasized youth leadership, community-driven solutions, and bold shifts in philanthropy. Key discussions focused on three themes: centering the whole child across silos, connecting with the communities most affected, and reimagining philanthropy with and for young people.<\/p>\n\n\n\n<p><strong>Sireesha Bobbili<\/strong>, Portfolio manager at <a href=\"https:\/\/www.grandchallenges.ca\/fr-ca\/\">Grands D\u00e9fis Canada<\/a>, presented the Being Initiative\u2019s ecosystem catalyst funding opportunity, showcasing a coordinated approach to advancing youth mental health. <strong>Sanjana Janardhanan<\/strong>, <a href=\"https:\/\/www.grandchallenges.ca\/programs\/saving-brains\/\">Saving Brains<\/a> portfolio manager, led a session on \u201c<em>Sparking System Change: The Need for a Catalyst<\/em>,\u201d highlighting shared traits of innovators who successfully scaled solutions to complex issues.<\/p>\n\n<\/div><\/div><div class=\"column column-image\" style=\"flex-basis:30%\"><img loading=\"lazy\" decoding=\"async\" width=\"900\" height=\"580\" src=\"https:\/\/being-initiative.org\/wp-content\/uploads\/2024\/12\/iStock-2164388705-900x580.jpg\" class=\"attachment-genesis-singular-images size-genesis-singular-images\" alt=\"\" srcset=\"https:\/\/being-initiative.org\/wp-content\/uploads\/2024\/12\/iStock-2164388705-900x580.jpg 900w, https:\/\/being-initiative.org\/wp-content\/uploads\/2024\/12\/iStock-2164388705-18x12.jpg 18w\" sizes=\"auto, (max-width: 900px) 100vw, 900px\" \/><\/div><\/div>\n\n\n<div style=\"height:27px\" aria-hidden=\"true\" class=\"wp-block-spacer\"><\/div>\n\n\n\n<h2 class=\"wp-block-heading\" id=\"h-august-2024\"><mark style=\"background-color:rgba(0, 0, 0, 0)\" class=\"has-inline-color has-theme-secondary-color\">August 2024<\/mark><\/h2>\n\n\n<div id=\"ql-call-to-action-block_3bc73e6eb077508fec6f570c0e86cec8\" class=\"acf-block ql-call-to-action column-reverse image-cover\"><div class=\"column column-text bg-white\" style=\"flex-basis:70%\"><div class=\"column-text-wrap\">\n\n<h2 class=\"wp-block-heading\" id=\"h-the-lancet-psychiatry-comment-on-meaningful-youth-engagement\"><strong>The Lancet Psychiatry Comment on Meaningful Youth Engagement<\/strong><\/h2>\n\n\n\n<p>In August 2024, for the launch of <a href=\"https:\/\/www.thelancet.com\/commissions\/youth-mental-health\">The Lancet Psychiatry Commission on Youth Mental Health<\/a>, led by <a href=\"https:\/\/www.orygen.org.au\/\">Orygen<\/a>, the Being Initiative published a powerful Comment titled \u201c<a href=\"https:\/\/www.thelancet.com\/journals\/lanpsy\/article\/PIIS2215-0366(24)00212-8\/fulltext\" target=\"_blank\" rel=\"noreferrer noopener\"><em>Meaningful Youth Engagement for a Positive Mental Health Ecosystem<\/em><\/a>\u201d. This piece was co-authored by\u202f<a href=\"https:\/\/being-initiative.org\/fr\/advisory-groups\/\">Lived Experience advisors<\/a>\u202f <strong>Hrushitaa Murali\u202f <\/strong>and\u202f<strong>Cecilia Ashaley Fofo<\/strong>, alongside partners from\u202f<a href=\"https:\/\/www.grandchallenges.ca\/fr-ca\/\">Grands D\u00e9fis Canada<\/a> (<strong>Melani O&#8217;Leary<\/strong> and\u202f<strong>Sireesha Bobbili<\/strong>), the\u202f <a href=\"https:\/\/scienceforafrica.foundation\/\">Science for Africa Foundation<\/a> (<strong>Byron Bitanihirwe<\/strong>), and\u202f<a href=\"https:\/\/unitedgmh.org\/\">United for Global Mental Health<\/a> (<strong>Sarah Kline<\/strong>,\u202f<strong>Aviwe Funani<\/strong>, and\u202f<strong>Antonis Kousoulis<\/strong>).&nbsp;&nbsp;<\/p>\n\n\n<div id=\"ql-button-block_36444197262bbe27a9bf32050aacca9b\" class=\"acf-block ql-button button-left\"><a class=\"ql-button-link\" href=\"https:\/\/www.thelancet.com\/journals\/lanpsy\/article\/PIIS2215-0366(24)00212-8\/fulltext\" target=\"_blank\">Read our Comment on meaningful youth engagement!<\/a><\/div>\n<\/div><\/div><div class=\"column column-image\" style=\"flex-basis:30%\"><img loading=\"lazy\" decoding=\"async\" width=\"900\" height=\"580\" src=\"https:\/\/being-initiative.org\/wp-content\/uploads\/2024\/08\/iStock-1439997493-900x580.jpg\" class=\"attachment-genesis-singular-images size-genesis-singular-images\" alt=\"\" srcset=\"https:\/\/being-initiative.org\/wp-content\/uploads\/2024\/08\/iStock-1439997493-900x580.jpg 900w, https:\/\/being-initiative.org\/wp-content\/uploads\/2024\/08\/iStock-1439997493-18x12.jpg 18w\" sizes=\"auto, (max-width: 900px) 100vw, 900px\" \/><\/div><\/div>\n\n\n<div style=\"height:29px\" aria-hidden=\"true\" class=\"wp-block-spacer\"><\/div>\n\n\n\n<h2 class=\"wp-block-heading\" id=\"h-september-2024\"><mark style=\"background-color:rgba(0, 0, 0, 0)\" class=\"has-inline-color has-theme-secondary-color\">September 2024<\/mark><\/h2>\n\n\n<div id=\"ql-call-to-action-block_995b2d433b7bef64e3b0e72021863631\" class=\"acf-block ql-call-to-action image-cover\"><div class=\"column column-text bg-white\" style=\"flex-basis:70%\"><div class=\"column-text-wrap\">\n\n<h2 class=\"wp-block-heading\" id=\"h-being-the-change-at-the-79th-un-general-assembly\"><strong>Being the Change at the 79th UN General Assembly<\/strong><\/h2>\n\n\n\n<img decoding=\"async\" src=\"https:\/\/being-initiative.org\/wp-content\/uploads\/2024\/12\/Untitled-design-32.png\" \n    alt=\"Being Initiative Image\" \n    style=\"max-width: 100%; height: auto;\">\n\n\n\n\n<div style=\"height:14px\" aria-hidden=\"true\" class=\"wp-block-spacer\"><\/div>\n\n\n\n<p>The Being team attended the <a href=\"https:\/\/www.un.org\/en\/high-level-week-2024\" target=\"_blank\" rel=\"noreferrer noopener\">79th United Nations General Assembly<\/a> (UNGA 79) in New York City from September 19-30, 2024, where youth mental health was a critical conversation. On September 22, <a href=\"https:\/\/www.grandchallenges.ca\/fr-ca\/\" target=\"_blank\" rel=\"noreferrer noopener\">Grands D\u00e9fis Canada<\/a> proudly hosted <em>Being the Change<\/em> on the sidelines of UNGA 79, bringing together funders, partners, and innovators committed to addressing the pressing challenges of youth mental health.<\/p>\n\n\n\n<p>At <em>Being the Change<\/em>, we outlined our priorities and debuted our <a href=\"https:\/\/youtu.be\/vRY_1uBKFi4?si=ME2SUFr4_FSphqIG\" target=\"_blank\" rel=\"noreferrer noopener\">new video<\/a> which spotlights our approach. One of the event\u2019s key moments was a presentation by <strong>Trevor Ncube<\/strong>, the Zimbabwe Lead from <a href=\"https:\/\/www.grandchallenges.ca\/fr-ca\/\">Grands D\u00e9fis Canada<\/a>-supported innovator <a href=\"https:\/\/www.samesamecollective.org\/\">SameSame (SiyaFanaFana)<\/a>. Trevor was among fellow speakers <strong>Karlee Silver<\/strong>, PDG de <a href=\"https:\/\/www.grandchallenges.ca\/fr-ca\/\" target=\"_blank\" rel=\"noreferrer noopener\">Grands D\u00e9fis Canada<\/a> (GCC), and <strong>Melani O\u2019Leary<\/strong>, Associate Director of Global Health Innovation at GCC.&nbsp;<\/p>\n\n\n<div id=\"ql-button-block_546c3ccec9161b4d9d2eaf88dab1240e\" class=\"acf-block ql-button button-left\"><a class=\"ql-button-link\" href=\"https:\/\/being-initiative.org\/fr\/news\/world-mental-health-day-2024-youth-in-the-lead\/\" target=\"_blank\">Read our key takeaways from UNGA 79!<\/a><\/div>\n<\/div><\/div><div class=\"column column-image\" style=\"flex-basis:30%\"><img loading=\"lazy\" decoding=\"async\" width=\"900\" height=\"580\" src=\"https:\/\/being-initiative.org\/wp-content\/uploads\/2024\/12\/iStock-114428823-900x580.jpg\" class=\"attachment-genesis-singular-images size-genesis-singular-images\" alt=\"\" srcset=\"https:\/\/being-initiative.org\/wp-content\/uploads\/2024\/12\/iStock-114428823-900x580.jpg 900w, https:\/\/being-initiative.org\/wp-content\/uploads\/2024\/12\/iStock-114428823-18x12.jpg 18w\" sizes=\"auto, (max-width: 900px) 100vw, 900px\" \/><\/div><\/div>\n\n\n<div style=\"height:18px\" aria-hidden=\"true\" class=\"wp-block-spacer\"><\/div>\n\n\n<div id=\"ql-call-to-action-block_d36abf0977cb99e9db72f6f0710021b7\" class=\"acf-block ql-call-to-action image-cover\"><div class=\"column column-text bg-white\" style=\"flex-basis:70%\"><div class=\"column-text-wrap\">\n\n<h2 class=\"wp-block-heading\" id=\"h-2024-youth-power-summit-at-unga-79\">2024 Youth Power Summit at UNGA 79<\/h2>\n\n\n\n<p>On that same day, <strong>Oriana Ortiz Parrao<\/strong>, Being Youth Advisor, spoke at the\u202f<a href=\"https:\/\/restlessdevelopment.org\/youthpowersummit\/\">Youth Power Summit<\/a> hosted by <a href=\"https:\/\/www.fondationbotnar.org\/\">Fondation Botnar<\/a> et <a href=\"https:\/\/restlessdevelopment.org\/\">Restless Development<\/a>, where she delivered a compelling message urging global leaders to prioritize young people in mental health financing, programming, and policy. <strong>Hear Oriana\u2019s powerful remarks below!\u00a0\u00a0<\/strong><\/p>\n\n\n\n<div style=\"height:19px\" aria-hidden=\"true\" class=\"wp-block-spacer\"><\/div>\n\n\n\n<iframe loading=\"lazy\" width=\"560\" height=\"315\" \n    src=\"https:\/\/www.youtube.com\/embed\/opnCG6UmWmo\" \n    title=\"YouTube video player\" \n    frameborder=\"0\" \n    allow=\"accelerometer; autoplay; clipboard-write; encrypted-media; gyroscope; picture-in-picture\" \n    allowfullscreen>\n<\/iframe>\n\n\n\n\n<p><br><\/p>\n\n<\/div><\/div><div class=\"column column-image\" style=\"flex-basis:30%\"><img loading=\"lazy\" decoding=\"async\" width=\"900\" height=\"580\" src=\"https:\/\/being-initiative.org\/wp-content\/uploads\/2024\/12\/iStock-1415618254-900x580.jpg\" class=\"attachment-genesis-singular-images size-genesis-singular-images\" alt=\"\" srcset=\"https:\/\/being-initiative.org\/wp-content\/uploads\/2024\/12\/iStock-1415618254-900x580.jpg 900w, https:\/\/being-initiative.org\/wp-content\/uploads\/2024\/12\/iStock-1415618254-18x12.jpg 18w\" sizes=\"auto, (max-width: 900px) 100vw, 900px\" \/><\/div><\/div>\n\n\n<div style=\"height:22px\" aria-hidden=\"true\" class=\"wp-block-spacer\"><\/div>\n\n\n<div id=\"ql-call-to-action-block_dbf98e54f9c66c0745889f13b65997c0\" class=\"acf-block ql-call-to-action column-reverse image-contain\"><div class=\"column column-text bg-white\" style=\"flex-basis:70%\"><div class=\"column-text-wrap\">\n\n<h2 class=\"wp-block-heading\" id=\"h-the-role-of-youth-mental-health-and-the-sdgs-nbsp\"><strong>The Role of Youth Mental Health and the SDGs&nbsp;<\/strong><\/h2>\n\n\n\n<p>In September 2024,\u202fBeing launched a new report,<em>\u202f<\/em><a href=\"https:\/\/being-initiative.org\/wp-content\/uploads\/2024\/09\/Empowering-Futures-The-Role-of-Youth-Mental-Health-in-Advancing-the-Sustainable-Development-Goals.pdf\"><em>Renforcer l'avenir : Le r\u00f4le de la sant\u00e9 mentale des jeunes dans la r\u00e9alisation des objectifs de d\u00e9veloppement durable (en anglais seulement)<\/em><\/a>, in collaboration with our partners at\u202f<a href=\"https:\/\/unitedgmh.org\/\">United for Global Mental Health<\/a>.<\/p>\n\n\n\n<p>Drawing on the insights from Being\u2019s public good report, <em>Empowering Futures <\/em>outlines how more significant investment in youth mental health can accelerate progress across various goals. It highlights the direct relationship between youth mental health and the SDGs, such as quality education, reduced inequalities, and good health and wellbeing.\u202f<\/p>\n\n\n<div id=\"ql-button-block_71a91152bdd2925c5ab5ea30e6626d11\" class=\"acf-block ql-button button-left\"><a class=\"ql-button-link\" href=\"https:\/\/being-initiative.org\/wp-content\/uploads\/2024\/09\/Empowering-Futures-The-Role-of-Youth-Mental-Health-in-Advancing-the-Sustainable-Development-Goals.pdf\" target=\"_blank\">T\u00e9l\u00e9chargez le rapport! (en anglais seulement)<\/a><\/div>\n<\/div><\/div><div class=\"column column-image\" style=\"flex-basis:30%\"><img loading=\"lazy\" decoding=\"async\" width=\"3375\" height=\"3375\" src=\"https:\/\/being-initiative.org\/wp-content\/uploads\/2024\/09\/Being-SDG-Report-Post-1.png\" class=\"attachment-full size-full\" alt=\"\" srcset=\"https:\/\/being-initiative.org\/wp-content\/uploads\/2024\/09\/Being-SDG-Report-Post-1.png 3375w, https:\/\/being-initiative.org\/wp-content\/uploads\/2024\/09\/Being-SDG-Report-Post-1-500x500.png 500w, https:\/\/being-initiative.org\/wp-content\/uploads\/2024\/09\/Being-SDG-Report-Post-1-1024x1024.png 1024w, https:\/\/being-initiative.org\/wp-content\/uploads\/2024\/09\/Being-SDG-Report-Post-1-150x150.png 150w, https:\/\/being-initiative.org\/wp-content\/uploads\/2024\/09\/Being-SDG-Report-Post-1-768x768.png 768w, https:\/\/being-initiative.org\/wp-content\/uploads\/2024\/09\/Being-SDG-Report-Post-1-1536x1536.png 1536w, https:\/\/being-initiative.org\/wp-content\/uploads\/2024\/09\/Being-SDG-Report-Post-1-2048x2048.png 2048w, https:\/\/being-initiative.org\/wp-content\/uploads\/2024\/09\/Being-SDG-Report-Post-1-12x12.png 12w, https:\/\/being-initiative.org\/wp-content\/uploads\/2024\/09\/Being-SDG-Report-Post-1-75x75.png 75w\" sizes=\"auto, (max-width: 3375px) 100vw, 3375px\" \/><\/div><\/div>\n\n\n<div style=\"height:22px\" aria-hidden=\"true\" class=\"wp-block-spacer\"><\/div>\n\n\n<div id=\"ql-call-to-action-block_f82832e987f414925445dc1911873e0e\" class=\"acf-block ql-call-to-action image-cover\"><div class=\"column column-text bg-white\" style=\"flex-basis:70%\"><div class=\"column-text-wrap\">\n\n<h2 class=\"wp-block-heading\" id=\"h-2024-digital-mental-health-international-congress\"><strong>2024 Digital Mental Health International Congress<\/strong><\/h2>\n\n\n\n<p>La <a href=\"https:\/\/events.emhicglobal.com\/digital-mental-health-international-congress\/\">Digital Mental Health International Congress<\/a> (eMHIC) took place in Ottawa, Canada, from September 19 to 20, 2024. &nbsp;This year\u2019s theme, \u201cDigital Building Capacity: 24\/7 Mental Health Support for All,\u201d brought together experts and leaders to discuss how digital mental health can provide support and services for individuals in need of care. &nbsp;<\/p>\n\n\n\n<img decoding=\"async\" src=\"https:\/\/being-initiative.org\/wp-content\/uploads\/2024\/12\/processed-75C7CDE4-5C90-4BDF-B279-A4464CD64B57.jpeg\" \n    alt=\"Being Initiative Processed Image\" \n    style=\"max-width: 100%; height: auto;\">\n\n\n\n\n<div style=\"height:29px\" aria-hidden=\"true\" class=\"wp-block-spacer\"><\/div>\n\n\n\n<p>Representing <a href=\"https:\/\/www.grandchallenges.ca\/fr-ca\/\">Grands D\u00e9fis Canada <\/a>et le <a href=\"https:\/\/being-initiative.org\/fr\/\">Being Initiative<\/a> were Portfolio Managers <strong>Sahil Chopra<\/strong> et <strong>Pulkit Aggrwal<\/strong>, who shared some of their key learnings from the discussions, including engaging young people, integrating digital tools and prioritizing user safety, stigma reduction and more.<\/p>\n\n\n<div id=\"ql-button-block_f7342948af35e207d9fae7fbdde24c75\" class=\"acf-block ql-button button-left\"><a class=\"ql-button-link\" href=\"https:\/\/www.grandchallenges.ca\/2024\/key-learnings-from-the-2024-digital-mental-health-international-congress\/\" target=\"_blank\">Read their key takeaways!<\/a><\/div>\n<\/div><\/div><div class=\"column column-image\" style=\"flex-basis:30%\"><img loading=\"lazy\" decoding=\"async\" width=\"900\" height=\"580\" src=\"https:\/\/being-initiative.org\/wp-content\/uploads\/2024\/12\/iStock-1987307560-900x580.jpg\" class=\"attachment-genesis-singular-images size-genesis-singular-images\" alt=\"\" \/><\/div><\/div>\n\n\n<div style=\"height:21px\" aria-hidden=\"true\" class=\"wp-block-spacer\"><\/div>\n\n\n\n<h2 class=\"wp-block-heading\" id=\"h-october-2024\"><mark style=\"background-color:rgba(0, 0, 0, 0)\" class=\"has-inline-color has-theme-secondary-color\">October 2024<\/mark><\/h2>\n\n\n<div id=\"ql-call-to-action-block_28cd965f6151a822bd487583fa7dd89b\" class=\"acf-block ql-call-to-action column-reverse image-cover\"><div class=\"column column-text bg-white\" style=\"flex-basis:70%\"><div class=\"column-text-wrap\">\n\n<h2 class=\"wp-block-heading\" id=\"h-world-mental-health-day-2024\">World Mental Health Day 2024\u00a0<\/h2>\n\n\n\n<iframe loading=\"lazy\" width=\"560\" height=\"315\" src=\"https:\/\/www.youtube.com\/embed\/vRY_1uBKFi4?si=E4FunC0IRZdjlg4Y\" title=\"YouTube video player\" frameborder=\"0\" allow=\"accelerometer; autoplay; clipboard-write; encrypted-media; gyroscope; picture-in-picture; web-share\" referrerpolicy=\"strict-origin-when-cross-origin\" allowfullscreen><\/iframe>\n\n\n\n<div style=\"height:15px\" aria-hidden=\"true\" class=\"wp-block-spacer\"><\/div>\n\n\n\n<p>To commemorate World Mental Health Day on October 10, 2024, we shared a new <a href=\"https:\/\/youtu.be\/vRY_1uBKFi4?si=ME2SUFr4_FSphqIG\" target=\"_blank\" rel=\"noreferrer noopener\">video<\/a> produced in collaboration with <a href=\"https:\/\/www.shapehistory.com\/\">Shape History<\/a>, highlighting our approach to supporting youth mental health worldwide: addressing mental health challenges early on and equipping young people with skills and support while working to build an ecosystem for and with young people by investing in research, innovation and youth-led solutions.<\/p>\n\n<\/div><\/div><div class=\"column column-image\" style=\"flex-basis:30%\"><img loading=\"lazy\" decoding=\"async\" width=\"900\" height=\"506\" src=\"https:\/\/being-initiative.org\/wp-content\/uploads\/2024\/12\/iStock-1735222269.jpg\" class=\"attachment-genesis-singular-images size-genesis-singular-images\" alt=\"\" srcset=\"https:\/\/being-initiative.org\/wp-content\/uploads\/2024\/12\/iStock-1735222269.jpg 9428w, https:\/\/being-initiative.org\/wp-content\/uploads\/2024\/12\/iStock-1735222269-500x281.jpg 500w, https:\/\/being-initiative.org\/wp-content\/uploads\/2024\/12\/iStock-1735222269-1024x576.jpg 1024w, https:\/\/being-initiative.org\/wp-content\/uploads\/2024\/12\/iStock-1735222269-768x432.jpg 768w, https:\/\/being-initiative.org\/wp-content\/uploads\/2024\/12\/iStock-1735222269-1536x864.jpg 1536w, https:\/\/being-initiative.org\/wp-content\/uploads\/2024\/12\/iStock-1735222269-18x10.jpg 18w\" sizes=\"auto, (max-width: 900px) 100vw, 900px\" \/><\/div><\/div>\n\n\n<div style=\"height:24px\" aria-hidden=\"true\" class=\"wp-block-spacer\"><\/div>\n\n\n<div id=\"ql-call-to-action-block_6da3a5cc8113fdd6e130689ba4c34f36\" class=\"acf-block ql-call-to-action image-cover\"><div class=\"column column-text bg-white\" style=\"flex-basis:70%\"><div class=\"column-text-wrap\">\n\n<h2 class=\"wp-block-heading\" id=\"h-2024-ymca-accelerator-summit\"><strong>2024 YMCA Accelerator Summit<\/strong><\/h2>\n\n\n\n<p>In October 2024, <strong>Erica Zissis<\/strong>, Program Operations Associate at \u202f<a href=\"https:\/\/www.grandchallenges.ca\/fr-ca\/\">Grand<\/a> <a href=\"https:\/\/www.grandchallenges.ca\/fr-ca\/\">Challenges Canada<\/a>, attended the\u202f<a href=\"https:\/\/www.ymca.int\/accelerator-summit\/\">YMCA World Accelerator Summit<\/a> in Mombasa, Kenya. This event brought together global stakeholders to share knowledge and inspire action on youth empowerment and community wellbeing.<\/p>\n\n\n\n<p>Her experiences at the summit centred around several key discussions, particularly on the role of relational well-being in fostering mental health and the importance of meaningful employment for youth.&nbsp;&nbsp;<\/p>\n\n\n<div id=\"ql-button-block_7c6d42d1e905115f9a18f600a4d193f6\" class=\"acf-block ql-button button-left\"><a class=\"ql-button-link\" href=\"https:\/\/being-initiative.org\/fr\/news\/reflections-from-the-2024-world-ymca-accelerator-summit-empowering-youth-and-fostering-wellbeing\/\" target=\"_blank\">Read Erica&#8217;s key takeaways!<\/a><\/div>\n<\/div><\/div><div class=\"column column-image\" style=\"flex-basis:30%\"><img loading=\"lazy\" decoding=\"async\" width=\"900\" height=\"580\" src=\"https:\/\/being-initiative.org\/wp-content\/uploads\/2024\/11\/IMG_1115-2-900x580.jpg\" class=\"attachment-genesis-singular-images size-genesis-singular-images\" alt=\"\" \/><\/div><\/div>\n\n\n<div style=\"height:23px\" aria-hidden=\"true\" class=\"wp-block-spacer\"><\/div>\n\n\n<div id=\"ql-call-to-action-block_0e1b5d36e0806c3ceb7f0977de961545\" class=\"acf-block ql-call-to-action column-reverse image-cover\"><div class=\"column column-text bg-white\" style=\"flex-basis:70%\"><div class=\"column-text-wrap\">\n\n<h2 class=\"wp-block-heading\" id=\"h-global-mental-health-financing-insights-report\"><strong>Global Mental Health Financing Insights Report<\/strong><\/h2>\n\n\n\n<img decoding=\"async\" src=\"https:\/\/being-initiative.org\/wp-content\/uploads\/2024\/12\/image-6.png\" \n    alt=\"Image from Being Initiative\" \n    style=\"max-width: 100%; height: auto;\">\n\n\n\n\n<div style=\"height:16px\" aria-hidden=\"true\" class=\"wp-block-spacer\"><\/div>\n\n\n\n<p><a href=\"https:\/\/www.grandchallenges.ca\/fr-ca\/\">Grands D\u00e9fis Canada<\/a>\u2019s Global Mental Health financing, which includes the <a href=\"https:\/\/being-initiative.org\/fr\/\" target=\"_blank\" rel=\"noreferrer noopener\">Being Initiative<\/a>, et <a href=\"https:\/\/www.fondationbotnar.org\/\">Fondation Botnar<\/a>, a key partner of Being, have been recognized as one of the <strong>top 10 funders financing global mental health<\/strong> dans <a href=\"https:\/\/prospira.global\/\">Prospira Global<\/a>&#8216;s recent report &#8220;<em>The Power of Giving: Global Mental Health Financing Insights<\/em>,&#8221; launched on October 18, 2024, at <a href=\"https:\/\/www.thereal.events\/\">TheREAL Summit<\/a>.<\/p>\n\n\n\n<p>\u201cAddressing mental health is crucial to building healthier communities, and innovative approaches are transforming how mental health prevention, promotion and care is supported\u2014especially in regions with limited access. We are grateful to be funding this work in partnership with <a href=\"https:\/\/www.international.gc.ca\/global-affairs-affaires-mondiales\/home-accueil.aspx?lang=fra\">Affaires Mondiales Canada<\/a>, <a href=\"https:\/\/www.fondationbotnar.org\/\">Fondation Botnar<\/a>, and the <a href=\"https:\/\/www.gov.uk\/government\/organisations\/department-of-health-and-social-care\">UK\u2019s Department of Health &amp; Social Care,<\/a> and are excited to see more funders stepping up to join us. Together, we can make a lasting impact on mental health worldwide,&#8221;<strong> says Dr. Karlee Silver, CEO, Grand Challenges Canada<\/strong>.&nbsp;<\/p>\n\n\n<div id=\"ql-button-block_202efe25953ac6b0ec56fcb3a5f70560\" class=\"acf-block ql-button button-left\"><a class=\"ql-button-link\" href=\"https:\/\/prospira.global\/powerofgiving\" target=\"_blank\">Read the full report here!<\/a><\/div>\n<\/div><\/div><div class=\"column column-image\" style=\"flex-basis:30%\"><img loading=\"lazy\" decoding=\"async\" width=\"900\" height=\"580\" src=\"https:\/\/being-initiative.org\/wp-content\/uploads\/2024\/12\/iStock-1463434964-900x580.jpg\" class=\"attachment-genesis-singular-images size-genesis-singular-images\" alt=\"\" srcset=\"https:\/\/being-initiative.org\/wp-content\/uploads\/2024\/12\/iStock-1463434964-900x580.jpg 900w, https:\/\/being-initiative.org\/wp-content\/uploads\/2024\/12\/iStock-1463434964-18x12.jpg 18w\" sizes=\"auto, (max-width: 900px) 100vw, 900px\" \/><\/div><\/div>\n\n\n<div style=\"height:14px\" aria-hidden=\"true\" class=\"wp-block-spacer\"><\/div>\n\n\n\n<h2 class=\"wp-block-heading\" id=\"h-november-2024\"><mark style=\"background-color:rgba(0, 0, 0, 0)\" class=\"has-inline-color has-theme-secondary-color\">November 2024<\/mark><\/h2>\n\n\n<div id=\"ql-call-to-action-block_482123755daf6c4778bec07ea5aa23f8\" class=\"acf-block ql-call-to-action image-cover\"><div class=\"column column-text bg-white\" style=\"flex-basis:70%\"><div class=\"column-text-wrap\">\n\n<h2 class=\"wp-block-heading\" id=\"h-first-global-ministerial-conference-on-ending-violence-against-children\"><strong>First Global Ministerial Conference on Ending Violence Against Children<\/strong><\/h2>\n\n\n\n<p>On November 7-8, 2024, Being and <a href=\"https:\/\/www.grandchallenges.ca\/fr-ca\/\" target=\"_blank\" rel=\"noreferrer noopener\">Grands D\u00e9fis Canada<\/a> joined incredible partners\u2014 <a href=\"https:\/\/www.linkedin.com\/company\/ecdan\/\">Early Childhood Development Action Network (ECDAN)<\/a>, <a href=\"https:\/\/www.linkedin.com\/company\/unitedgmh\/\">United for Global Mental Health<\/a>, <a href=\"https:\/\/www.linkedin.com\/company\/the-new-school\/\">The New School<\/a> et le <a href=\"https:\/\/www.linkedin.com\/company\/trauma-research-foundation\/\">Trauma Research Foundation<\/a> at the first <a href=\"https:\/\/endviolenceagainstchildrenconference.org\/\">Global Ministerial Conference on Ending Violence Against Children<\/a> in Bogota, Colombia, to explore robust solutions that can address the impact of early adversity on brain development.\u202f<\/p>\n\n\n\n<p>Discussions highlighted the importance of centring children&#8217;s and youth&#8217;s lived experiences, from community-driven strategies to scaling mental health solutions through technology to shaping impactful programs and policies.&nbsp;&nbsp;<\/p>\n\n\n<div id=\"ql-button-block_8ed02162a86099d4960890561b05c5d5\" class=\"acf-block ql-button button-left\"><a class=\"ql-button-link\" href=\"https:\/\/www.linkedin.com\/posts\/grand-challenges-canada_mentalhealth-activity-7260048307308146688-mmx3\/?utm_source=share&#038;utm_medium=member_desktop\" target=\"_self\">Read the conference\u2019s key takeaways!<\/a><\/div>\n<\/div><\/div><div class=\"column column-image\" style=\"flex-basis:30%\"><img loading=\"lazy\" decoding=\"async\" width=\"900\" height=\"580\" src=\"https:\/\/being-initiative.org\/wp-content\/uploads\/2024\/12\/PXL_20241106_154402909-1-900x580.jpg\" class=\"attachment-genesis-singular-images size-genesis-singular-images\" alt=\"\" \/><\/div><\/div>\n\n\n<div style=\"height:29px\" aria-hidden=\"true\" class=\"wp-block-spacer\"><\/div>\n\n\n<div id=\"ql-call-to-action-block_f9c3fe98c463651f4f21f32afdfff029\" class=\"acf-block ql-call-to-action column-reverse image-cover\"><div class=\"column column-text bg-white\" style=\"flex-basis:70%\"><div class=\"column-text-wrap\">\n\n<h2 class=\"wp-block-heading\" id=\"h-2024-being-global-gathering\"><strong>2024 Being Global Gathering<\/strong><\/h2>\n\n\n\n<p>From November 26 to November 28, 2024, the <a href=\"https:\/\/being-initiative.org\/fr\/\">Being Initiative<\/a> convened with partners and innovators from <a href=\"https:\/\/www.grandchallenges.ca\/fr-ca\/\" target=\"_blank\" rel=\"noreferrer noopener\">Grands D\u00e9fis Canada<\/a>&#8216;s (GCC) <a href=\"https:\/\/www.grandchallenges.ca\/programs\/global-mental-health\/\">Global Mental Health portfolio<\/a> \u00e0 la <a href=\"https:\/\/fm6ss.ma\/home\/\">Fondation Mohammed VI des Sciences et de la Sant\u00e9<\/a> in Rabat, Morocco, for the Being Global Gathering. Organized by <a href=\"https:\/\/www.orygen.org.au\/\">Orygen<\/a> \u2013&nbsp; Being&#8217;s <a href=\"https:\/\/being-initiative.org\/fr\/learning-and-support\/\">R\u00e9seau d'apprentissage et de soutien<\/a> partner.<\/p>\n\n\n\n<p>This&nbsp;engaging event brought together youth mental health advocates and innovators from <a href=\"https:\/\/www.grandchallenges.ca\/programs\/global-mental-health\/\" target=\"_blank\" rel=\"noreferrer noopener\">GCC\u2019s Global Mental Health portfolio<\/a> for three days of intensive learning, sharing, and connection-building. The gathering was an important moment to reflect on successes and challenges related to evidence generation, sustainability, and scale for mental health innovations.<\/p>\n\n\n\n<p><strong>Read key takeaways from each day of the Global Gathering below!&nbsp;<\/strong><\/p>\n\n\n<div id=\"ql-button-block_4ccadb60d88944199abe1755eefe6cff\" class=\"acf-block ql-button button-left\"><a class=\"ql-button-link\" href=\"https:\/\/www.linkedin.com\/feed\/update\/urn:li:activity:7267299704021868545\/\" target=\"_self\">Day 1<\/a><\/div>\n\n<div id=\"ql-button-block_56f76affb959c338a49c2231db4c2ac1\" class=\"acf-block ql-button button-left\"><a class=\"ql-button-link\" href=\"https:\/\/www.linkedin.com\/feed\/update\/urn:li:activity:7267635810139570177\/\" target=\"_blank\">Day 2<\/a><\/div>\n\n<div id=\"ql-button-block_0248ae9d1e874ccd41c1be07c6eccbeb\" class=\"acf-block ql-button button-left\"><a class=\"ql-button-link\" href=\"https:\/\/www.linkedin.com\/feed\/update\/urn:li:activity:7268028246120706048\/\" target=\"_blank\">Day 3<\/a><\/div>\n<\/div><\/div><div class=\"column column-image\" style=\"flex-basis:30%\"><img loading=\"lazy\" decoding=\"async\" width=\"900\" height=\"580\" src=\"https:\/\/being-initiative.org\/wp-content\/uploads\/2024\/12\/DSC04811-1-900x580.jpg\" class=\"attachment-genesis-singular-images size-genesis-singular-images\" alt=\"\" srcset=\"https:\/\/being-initiative.org\/wp-content\/uploads\/2024\/12\/DSC04811-1-900x580.jpg 900w, https:\/\/being-initiative.org\/wp-content\/uploads\/2024\/12\/DSC04811-1-18x12.jpg 18w\" sizes=\"auto, (max-width: 900px) 100vw, 900px\" \/><\/div><\/div>\n\n\n<div style=\"height:0px\" aria-hidden=\"true\" class=\"wp-block-spacer\"><\/div>\n\n\n\n<h2 class=\"wp-block-heading\" id=\"h-december-2024\"><mark style=\"background-color:rgba(0, 0, 0, 0)\" class=\"has-inline-color has-theme-secondary-color\">December 2024<\/mark><\/h2>\n\n\n<div id=\"ql-call-to-action-block_d7807f281cb86ae5baa69ade921a97c0\" class=\"acf-block ql-call-to-action image-cover\"><div class=\"column column-text bg-white\" style=\"flex-basis:70%\"><div class=\"column-text-wrap\">\n\n<h2 class=\"wp-block-heading\" id=\"h-iamhrf-symposium-on-systems-thinking-in-mental-health-research\">IAMHRF Symposium on Systems Thinking in Mental Health Research<\/h2>\n\n\n\n<p>On December 4, 2024, the <a href=\"https:\/\/iamhrf.org\/\">International Alliance of Mental Health Research Funders<\/a> hosted an online symposium, &#8220;<em>Systems Matter: Why Systems Thinking is Essential for Bridging the Mental Health Research Implementation Gap<\/em>,&#8221; in collaboration with <a href=\"https:\/\/www.thelancet.com\/journals\/lanpsy\/home\">The Lancet Psychiatry<\/a> et <a href=\"https:\/\/www.grandchallenges.ca\/fr-ca\/\">Grands D\u00e9fis Canada<\/a>.<\/p>\n\n\n\n<p>The event explored systems thinking in mental health research and implementation, featuring practical examples from global contexts and reflections on opportunities for advancing the field. Chaired by <strong>Sireesha Bobbili<\/strong>, Portfolio Manager at <a href=\"https:\/\/www.grandchallenges.ca\/fr-ca\/\" target=\"_blank\" rel=\"noreferrer noopener\">Grands D\u00e9fis Canada<\/a>, the session highlighted actionable insights and recommendations to bridge the gap between research and practice.&nbsp;&nbsp;<\/p>\n\n\n<div id=\"ql-button-block_3027c333c396f73601ca7db86d97d92a\" class=\"acf-block ql-button button-left\"><a class=\"ql-button-link\" href=\"https:\/\/youtu.be\/XmD5FFXmq94?si=MZexvZvY4Lg-qwMF\" target=\"_blank\">Watch the recording here!<\/a><\/div>\n<\/div><\/div><div class=\"column column-image\" style=\"flex-basis:30%\"><img loading=\"lazy\" decoding=\"async\" width=\"900\" height=\"580\" src=\"https:\/\/being-initiative.org\/wp-content\/uploads\/2024\/12\/iStock-1495934253-900x580.jpg\" class=\"attachment-genesis-singular-images size-genesis-singular-images\" alt=\"\" srcset=\"https:\/\/being-initiative.org\/wp-content\/uploads\/2024\/12\/iStock-1495934253-900x580.jpg 900w, https:\/\/being-initiative.org\/wp-content\/uploads\/2024\/12\/iStock-1495934253-18x12.jpg 18w\" sizes=\"auto, (max-width: 900px) 100vw, 900px\" \/><\/div><\/div>\n\n\n<div style=\"height:22px\" aria-hidden=\"true\" class=\"wp-block-spacer\"><\/div>\n\n\n<div id=\"ql-call-to-action-block_1d3db682660bd69bc1af4927adde87a9\" class=\"acf-block ql-call-to-action column-reverse image-cover\"><div class=\"column column-text bg-white\" style=\"flex-basis:70%\"><div class=\"column-text-wrap\">\n\n<h2 class=\"wp-block-heading\" id=\"h-monitoring-evaluation-and-learning-workshop\"><strong>Monitoring, Evaluation, and Learning Workshop<\/strong><\/h2>\n\n\n\n<p>On December 10th and 11th, 2024, <a href=\"https:\/\/www.grandchallenges.ca\/fr-ca\/\">Grands D\u00e9fis Canada<\/a> hosted a two-day Monitoring, Evaluation, and Learning Workshop for the Being Initiative, bringing together partners from <a href=\"https:\/\/www.fondationbotnar.org\/\">Fondation Botnar<\/a>, le <a href=\"https:\/\/scienceforafrica.foundation\/\">Science for Africa Foundation<\/a>, <a href=\"https:\/\/unitedgmh.org\/\">United for Global Mental Health<\/a>, le <a href=\"https:\/\/www.nihr.ac.uk\/\">National Institute for Health and Care Research<\/a>, et <a href=\"https:\/\/www.orygen.org.au\/\">Orygen<\/a>.<\/p>\n\n\n\n<p>The workshop was held in person and virtually and focused on aligning learning objectives, refining measurement frameworks, and exploring synergies to turn insights into tangible action.&nbsp;<\/p>\n\n<\/div><\/div><div class=\"column column-image\" style=\"flex-basis:30%\"><img loading=\"lazy\" decoding=\"async\" width=\"900\" height=\"580\" src=\"https:\/\/being-initiative.org\/wp-content\/uploads\/2024\/12\/000130c9-52fb-4648-9abc-ced53218372a-900x580.jpg\" class=\"attachment-genesis-singular-images size-genesis-singular-images\" alt=\"\" srcset=\"https:\/\/being-initiative.org\/wp-content\/uploads\/2024\/12\/000130c9-52fb-4648-9abc-ced53218372a-900x580.jpg 900w, https:\/\/being-initiative.org\/wp-content\/uploads\/2024\/12\/000130c9-52fb-4648-9abc-ced53218372a-18x12.jpg 18w\" sizes=\"auto, (max-width: 900px) 100vw, 900px\" \/><\/div><\/div>\n\n\n<div style=\"height:17px\" aria-hidden=\"true\" class=\"wp-block-spacer\"><\/div>\n\n\n\n<p><\/p>","protected":false},"excerpt":{"rendered":"<p>As we step into 2025, we reflect on the highlights of 2024, revisiting impactful milestones and meaningful moments. We extend our sincere thanks to our dedicated partners, advisors, and team for their ongoing support and collaboration. Looking ahead, we are excited to continue working together towards a world where young people feel well and thrive.\u00a0 [&hellip;]<\/p>\n","protected":false},"author":3,"featured_media":2171,"template":"","news_item_category":[10],"country":[],"class_list":{"0":"post-2142","1":"news_item","2":"type-news_item","3":"status-publish","4":"has-post-thumbnail","6":"news_item_category-blogs","7":"entry"},"acf":[],"yoast_head":"<!-- This site is optimized with the Yoast SEO Premium plugin v27.1 (Yoast SEO v27.1.1) - https:\/\/yoast.com\/product\/yoast-seo-premium-wordpress\/ -->\n<title>Recapping 2024 with Being: Highlights and Milestones - Being | Grand Challenges Canada<\/title>\n<meta name=\"description\" content=\"Recap the highlights of 2024 and reflect on meaningful moments. Join us as we look ahead to a world where young people thrive.\" \/>\n<meta name=\"robots\" content=\"index, follow, max-snippet:-1, max-image-preview:large, max-video-preview:-1\" \/>\n<link rel=\"canonical\" href=\"https:\/\/being-initiative.org\/fr\/news\/recapping-2024-with-being\/\" \/>\n<meta property=\"og:locale\" content=\"fr_CA\" \/>\n<meta property=\"og:type\" content=\"article\" \/>\n<meta property=\"og:title\" content=\"Recapping 2024 with Being\" \/>\n<meta property=\"og:description\" content=\"Recap the highlights of 2024 and reflect on meaningful moments. Join us as we look ahead to a world where young people thrive.\" \/>\n<meta property=\"og:url\" content=\"https:\/\/being-initiative.org\/fr\/news\/recapping-2024-with-being\/\" \/>\n<meta property=\"og:site_name\" content=\"Being | Grand Challenges Canada\" \/>\n<meta property=\"article:publisher\" content=\"https:\/\/www.facebook.com\/thebeinginitiative\" \/>\n<meta property=\"article:modified_time\" content=\"2025-03-04T22:25:06+00:00\" \/>\n<meta property=\"og:image\" content=\"https:\/\/being-initiative.org\/wp-content\/uploads\/2024\/12\/iStock-2156856691-scaled.jpg\" \/>\n\t<meta property=\"og:image:width\" content=\"2560\" \/>\n\t<meta property=\"og:image:height\" content=\"1579\" \/>\n\t<meta property=\"og:image:type\" content=\"image\/jpeg\" \/>\n<meta name=\"twitter:card\" content=\"summary_large_image\" \/>\n<meta name=\"twitter:site\" content=\"@beinginitiative\" \/>\n<meta name=\"twitter:label1\" content=\"Estimation du temps de lecture\" \/>\n\t<meta name=\"twitter:data1\" content=\"11 minutes\" \/>\n<script type=\"application\/ld+json\" class=\"yoast-schema-graph\">{\"@context\":\"https:\/\/schema.org\",\"@graph\":[{\"@type\":\"WebPage\",\"@id\":\"https:\/\/being-initiative.org\/news\/recapping-2024-with-being\/\",\"url\":\"https:\/\/being-initiative.org\/news\/recapping-2024-with-being\/\",\"name\":\"Recapping 2024 with Being: Highlights and Milestones - Being | Grand Challenges Canada\",\"isPartOf\":{\"@id\":\"https:\/\/being-initiative.org\/#website\"},\"primaryImageOfPage\":{\"@id\":\"https:\/\/being-initiative.org\/news\/recapping-2024-with-being\/#primaryimage\"},\"image\":{\"@id\":\"https:\/\/being-initiative.org\/news\/recapping-2024-with-being\/#primaryimage\"},\"thumbnailUrl\":\"https:\/\/being-initiative.org\/wp-content\/uploads\/2024\/12\/iStock-2156856691-scaled.jpg\",\"datePublished\":\"2024-12-17T13:00:00+00:00\",\"dateModified\":\"2025-03-04T22:25:06+00:00\",\"description\":\"Recap the highlights of 2024 and reflect on meaningful moments. Join us as we look ahead to a world where young people thrive.\",\"breadcrumb\":{\"@id\":\"https:\/\/being-initiative.org\/news\/recapping-2024-with-being\/#breadcrumb\"},\"inLanguage\":\"fr-CA\",\"potentialAction\":[{\"@type\":\"ReadAction\",\"target\":[\"https:\/\/being-initiative.org\/news\/recapping-2024-with-being\/\"]}]},{\"@type\":\"ImageObject\",\"inLanguage\":\"fr-CA\",\"@id\":\"https:\/\/being-initiative.org\/news\/recapping-2024-with-being\/#primaryimage\",\"url\":\"https:\/\/being-initiative.org\/wp-content\/uploads\/2024\/12\/iStock-2156856691-scaled.jpg\",\"contentUrl\":\"https:\/\/being-initiative.org\/wp-content\/uploads\/2024\/12\/iStock-2156856691-scaled.jpg\",\"width\":2560,\"height\":1579,\"caption\":\"2025 happy new year with change to new era concept. Flipping the 2024 to 2025 year calendar numbers on wooden cube blocks isolated on wood table and white banner background, eco and minimal style.\"},{\"@type\":\"BreadcrumbList\",\"@id\":\"https:\/\/being-initiative.org\/news\/recapping-2024-with-being\/#breadcrumb\",\"itemListElement\":[{\"@type\":\"ListItem\",\"position\":1,\"name\":\"Home\",\"item\":\"https:\/\/being-initiative.org\/\"},{\"@type\":\"ListItem\",\"position\":2,\"name\":\"News\",\"item\":\"https:\/\/being-initiative.org\/news\/\"},{\"@type\":\"ListItem\",\"position\":3,\"name\":\"Recapping 2024 with Being\"}]},{\"@type\":\"WebSite\",\"@id\":\"https:\/\/being-initiative.org\/#website\",\"url\":\"https:\/\/being-initiative.org\/\",\"name\":\"Being Initiative\",\"description\":\"Innovating for young people\u2019s wellbeing\",\"publisher\":{\"@id\":\"https:\/\/being-initiative.org\/#organization\"},\"potentialAction\":[{\"@type\":\"SearchAction\",\"target\":{\"@type\":\"EntryPoint\",\"urlTemplate\":\"https:\/\/being-initiative.org\/?s={search_term_string}\"},\"query-input\":{\"@type\":\"PropertyValueSpecification\",\"valueRequired\":true,\"valueName\":\"search_term_string\"}}],\"inLanguage\":\"fr-CA\"},{\"@type\":\"Organization\",\"@id\":\"https:\/\/being-initiative.org\/#organization\",\"name\":\"Being Initiative\",\"url\":\"https:\/\/being-initiative.org\/\",\"logo\":{\"@type\":\"ImageObject\",\"inLanguage\":\"fr-CA\",\"@id\":\"https:\/\/being-initiative.org\/#\/schema\/logo\/image\/\",\"url\":\"https:\/\/being-initiative.org\/wp-content\/uploads\/2023\/03\/being-logo.png\",\"contentUrl\":\"https:\/\/being-initiative.org\/wp-content\/uploads\/2023\/03\/being-logo.png\",\"width\":440,\"height\":136,\"caption\":\"Being Initiative\"},\"image\":{\"@id\":\"https:\/\/being-initiative.org\/#\/schema\/logo\/image\/\"},\"sameAs\":[\"https:\/\/www.facebook.com\/thebeinginitiative\",\"https:\/\/x.com\/beinginitiative\",\"https:\/\/www.linkedin.com\/company\/beinginitiative\/\",\"https:\/\/www.instagram.com\/beinginitiative\/\"]}]}<\/script>\n<!-- \/ Yoast SEO Premium plugin. -->","yoast_head_json":{"title":"Recapping 2024 with Being: Highlights and Milestones - Being | Grand Challenges Canada","description":"Recap the highlights of 2024 and reflect on meaningful moments. Join us as we look ahead to a world where young people thrive.","robots":{"index":"index","follow":"follow","max-snippet":"max-snippet:-1","max-image-preview":"max-image-preview:large","max-video-preview":"max-video-preview:-1"},"canonical":"https:\/\/being-initiative.org\/fr\/news\/recapping-2024-with-being\/","og_locale":"fr_CA","og_type":"article","og_title":"Recapping 2024 with Being","og_description":"Recap the highlights of 2024 and reflect on meaningful moments. Join us as we look ahead to a world where young people thrive.","og_url":"https:\/\/being-initiative.org\/fr\/news\/recapping-2024-with-being\/","og_site_name":"Being | Grand Challenges Canada","article_publisher":"https:\/\/www.facebook.com\/thebeinginitiative","article_modified_time":"2025-03-04T22:25:06+00:00","og_image":[{"width":2560,"height":1579,"url":"https:\/\/being-initiative.org\/wp-content\/uploads\/2024\/12\/iStock-2156856691-scaled.jpg","type":"image\/jpeg"}],"twitter_card":"summary_large_image","twitter_site":"@beinginitiative","twitter_misc":{"Estimation du temps de lecture":"11 minutes"},"schema":{"@context":"https:\/\/schema.org","@graph":[{"@type":"WebPage","@id":"https:\/\/being-initiative.org\/news\/recapping-2024-with-being\/","url":"https:\/\/being-initiative.org\/news\/recapping-2024-with-being\/","name":"Recapping 2024 with Being: Highlights and Milestones - Being | Grand Challenges Canada","isPartOf":{"@id":"https:\/\/being-initiative.org\/#website"},"primaryImageOfPage":{"@id":"https:\/\/being-initiative.org\/news\/recapping-2024-with-being\/#primaryimage"},"image":{"@id":"https:\/\/being-initiative.org\/news\/recapping-2024-with-being\/#primaryimage"},"thumbnailUrl":"https:\/\/being-initiative.org\/wp-content\/uploads\/2024\/12\/iStock-2156856691-scaled.jpg","datePublished":"2024-12-17T13:00:00+00:00","dateModified":"2025-03-04T22:25:06+00:00","description":"Recap the highlights of 2024 and reflect on meaningful moments. Join us as we look ahead to a world where young people thrive.","breadcrumb":{"@id":"https:\/\/being-initiative.org\/news\/recapping-2024-with-being\/#breadcrumb"},"inLanguage":"fr-CA","potentialAction":[{"@type":"ReadAction","target":["https:\/\/being-initiative.org\/news\/recapping-2024-with-being\/"]}]},{"@type":"ImageObject","inLanguage":"fr-CA","@id":"https:\/\/being-initiative.org\/news\/recapping-2024-with-being\/#primaryimage","url":"https:\/\/being-initiative.org\/wp-content\/uploads\/2024\/12\/iStock-2156856691-scaled.jpg","contentUrl":"https:\/\/being-initiative.org\/wp-content\/uploads\/2024\/12\/iStock-2156856691-scaled.jpg","width":2560,"height":1579,"caption":"2025 happy new year with change to new era concept. Flipping the 2024 to 2025 year calendar numbers on wooden cube blocks isolated on wood table and white banner background, eco and minimal style."},{"@type":"BreadcrumbList","@id":"https:\/\/being-initiative.org\/news\/recapping-2024-with-being\/#breadcrumb","itemListElement":[{"@type":"ListItem","position":1,"name":"Home","item":"https:\/\/being-initiative.org\/"},{"@type":"ListItem","position":2,"name":"News","item":"https:\/\/being-initiative.org\/news\/"},{"@type":"ListItem","position":3,"name":"Recapping 2024 with Being"}]},{"@type":"WebSite","@id":"https:\/\/being-initiative.org\/#website","url":"https:\/\/being-initiative.org\/","name":"Being Initiative","description":"Innover pour le bien-\u00eatre des jeunes","publisher":{"@id":"https:\/\/being-initiative.org\/#organization"},"potentialAction":[{"@type":"SearchAction","target":{"@type":"EntryPoint","urlTemplate":"https:\/\/being-initiative.org\/?s={search_term_string}"},"query-input":{"@type":"PropertyValueSpecification","valueRequired":true,"valueName":"search_term_string"}}],"inLanguage":"fr-CA"},{"@type":"Organization","@id":"https:\/\/being-initiative.org\/#organization","name":"Being Initiative","url":"https:\/\/being-initiative.org\/","logo":{"@type":"ImageObject","inLanguage":"fr-CA","@id":"https:\/\/being-initiative.org\/#\/schema\/logo\/image\/","url":"https:\/\/being-initiative.org\/wp-content\/uploads\/2023\/03\/being-logo.png","contentUrl":"https:\/\/being-initiative.org\/wp-content\/uploads\/2023\/03\/being-logo.png","width":440,"height":136,"caption":"Being Initiative"},"image":{"@id":"https:\/\/being-initiative.org\/#\/schema\/logo\/image\/"},"sameAs":["https:\/\/www.facebook.com\/thebeinginitiative","https:\/\/x.com\/beinginitiative","https:\/\/www.linkedin.com\/company\/beinginitiative\/","https:\/\/www.instagram.com\/beinginitiative\/"]}]}},"_links":{"self":[{"href":"https:\/\/being-initiative.org\/fr\/wp-json\/wp\/v2\/news_item\/2142","targetHints":{"allow":["GET"]}}],"collection":[{"href":"https:\/\/being-initiative.org\/fr\/wp-json\/wp\/v2\/news_item"}],"about":[{"href":"https:\/\/being-initiative.org\/fr\/wp-json\/wp\/v2\/types\/news_item"}],"author":[{"embeddable":true,"href":"https:\/\/being-initiative.org\/fr\/wp-json\/wp\/v2\/users\/3"}],"wp:featuredmedia":[{"embeddable":true,"href":"https:\/\/being-initiative.org\/fr\/wp-json\/wp\/v2\/media\/2171"}],"wp:attachment":[{"href":"https:\/\/being-initiative.org\/fr\/wp-json\/wp\/v2\/media?parent=2142"}],"wp:term":[{"taxonomy":"news_item_category","embeddable":true,"href":"https:\/\/being-initiative.org\/fr\/wp-json\/wp\/v2\/news_item_category?post=2142"},{"taxonomy":"country","embeddable":true,"href":"https:\/\/being-initiative.org\/fr\/wp-json\/wp\/v2\/country?post=2142"}],"curies":[{"name":"wp","href":"https:\/\/api.w.org\/{rel}","templated":true}]}}